{"id":11797,"date":"2025-12-14T11:31:20","date_gmt":"2025-12-14T10:31:20","guid":{"rendered":"https:\/\/www.mariahelander.se\/?p=11797"},"modified":"2025-12-14T11:31:21","modified_gmt":"2025-12-14T10:31:21","slug":"lucka-14-sagan-om-skade","status":"publish","type":"post","link":"https:\/\/www.mariahelander.se\/?p=11797","title":{"rendered":"Lucka 14 &#8211; Sagan om Skade"},"content":{"rendered":"\n<p>I v\u00e5ra fornnordiska myter m\u00f6ter vi en j\u00e4ttinna vid namn Skade. Hon \u00e4r gudinnan \u00f6ver sn\u00f6, fj\u00e4ll och jakt. Men hon \u00e4r ocks\u00e5 en m\u00e4ktig arketyp som valde att g\u00e5 sin egen v\u00e4g och st\u00e5 upp mot asagudarna f\u00f6r att kr\u00e4va r\u00e4ttvisa. Hon \u00e4r legendernas f\u00f6rsta kvinna som v\u00e4ljer skilsm\u00e4ssa fr\u00e5n en gud &#8211; inte f\u00f6r att g\u00e5 till en annan man &#8211; utan f\u00f6r att skapa sig ett eget liv. <\/p>\n\n\n\n<p>I denna saga f\u00e5r vi \u00e5ter m\u00f6ta v\u00e5r Stavb\u00e4rerska. Hon vandrar in i luftens element och v\u00e4ljer att s\u00f6ka svar hos gudinnan Skade. <\/p>\n\n\n\n<figure class=\"wp-block-audio\"><audio controls src=\"https:\/\/www.mariahelander.se\/wordpress\/wp-content\/uploads\/skade.mp3\"><\/audio><\/figure>\n\n\n\n<figure class=\"wp-block-image size-large\"><a href=\"https:\/\/www.mariahelander.se\/wordpress\/wp-content\/uploads\/Kura-Skymning-13.jpg\"><img loading=\"lazy\" decoding=\"async\" width=\"819\" height=\"1024\" src=\"https:\/\/www.mariahelander.se\/wordpress\/wp-content\/uploads\/Kura-Skymning-13-819x1024.jpg\" alt=\"\" class=\"wp-image-11795\" srcset=\"https:\/\/www.mariahelander.se\/wordpress\/wp-content\/uploads\/Kura-Skymning-13-819x1024.jpg 819w, https:\/\/www.mariahelander.se\/wordpress\/wp-content\/uploads\/Kura-Skymning-13-240x300.jpg 240w, https:\/\/www.mariahelander.se\/wordpress\/wp-content\/uploads\/Kura-Skymning-13-768x960.jpg 768w, https:\/\/www.mariahelander.se\/wordpress\/wp-content\/uploads\/Kura-Skymning-13-58x72.jpg 58w, https:\/\/www.mariahelander.se\/wordpress\/wp-content\/uploads\/Kura-Skymning-13.jpg 1080w\" sizes=\"auto, (max-width: 819px) 100vw, 819px\" \/><\/a><\/figure>\n\n<!-- Facebook Like Button v1.9.6 BEGIN [http:\/\/blog.bottomlessinc.com] -->\n<iframe src=\"http:\/\/www.facebook.com\/plugins\/like.php?href=https%3A%2F%2Fwww.mariahelander.se%2F%3Fp%3D11797&amp;layout=standard&amp;show_faces=false&amp;width=450&amp;action=like&amp;colorscheme=light\" scrolling=\"no\" frameborder=\"0\" allowTransparency=\"true\" style=\"border:none; overflow:hidden; width:450px; height: 30px; align: left; margin: 2px 0px 2px 0px\"><\/iframe>\n<!-- Facebook Like Button END -->\n","protected":false},"excerpt":{"rendered":"<p>I v\u00e5ra fornnordiska myter m\u00f6ter vi en j\u00e4ttinna vid namn Skade. Hon \u00e4r gudinnan \u00f6ver sn\u00f6, fj\u00e4ll och jakt. Men hon \u00e4r ocks\u00e5 en m\u00e4ktig arketyp som valde att g\u00e5 sin egen v\u00e4g och st\u00e5 upp mot asagudarna f\u00f6r att kr\u00e4va r\u00e4ttvisa. Hon \u00e4r legendernas f\u00f6rsta kvinna som v\u00e4ljer skilsm\u00e4ssa fr\u00e5n en gud &#8211; inte [&hellip;]<\/p>\n","protected":false},"author":2,"featured_media":0,"comment_status":"open","ping_status":"open","sticky":false,"template":"","format":"standard","meta":{"_jetpack_memberships_contains_paid_content":false,"footnotes":""},"categories":[184],"tags":[1257,1241,1249,1260],"class_list":["post-11797","post","type-post","status-publish","format-standard","hentry","category-julefrid","tag-elementet-luft","tag-kura-skymning","tag-saga","tag-skade"],"jetpack_featured_media_url":"","jetpack_sharing_enabled":true,"_links":{"self":[{"href":"https:\/\/www.mariahelander.se\/index.php?rest_route=\/wp\/v2\/posts\/11797","targetHints":{"allow":["GET"]}}],"collection":[{"href":"https:\/\/www.mariahelander.se\/index.php?rest_route=\/wp\/v2\/posts"}],"about":[{"href":"https:\/\/www.mariahelander.se\/index.php?rest_route=\/wp\/v2\/types\/post"}],"author":[{"embeddable":true,"href":"https:\/\/www.mariahelander.se\/index.php?rest_route=\/wp\/v2\/users\/2"}],"replies":[{"embeddable":true,"href":"https:\/\/www.mariahelander.se\/index.php?rest_route=%2Fwp%2Fv2%2Fcomments&post=11797"}],"version-history":[{"count":1,"href":"https:\/\/www.mariahelander.se\/index.php?rest_route=\/wp\/v2\/posts\/11797\/revisions"}],"predecessor-version":[{"id":11798,"href":"https:\/\/www.mariahelander.se\/index.php?rest_route=\/wp\/v2\/posts\/11797\/revisions\/11798"}],"wp:attachment":[{"href":"https:\/\/www.mariahelander.se\/index.php?rest_route=%2Fwp%2Fv2%2Fmedia&parent=11797"}],"wp:term":[{"taxonomy":"category","embeddable":true,"href":"https:\/\/www.mariahelander.se\/index.php?rest_route=%2Fwp%2Fv2%2Fcategories&post=11797"},{"taxonomy":"post_tag","embeddable":true,"href":"https:\/\/www.mariahelander.se\/index.php?rest_route=%2Fwp%2Fv2%2Ftags&post=11797"}],"curies":[{"name":"wp","href":"https:\/\/api.w.org\/{rel}","templated":true}]}}