{"id":11808,"date":"2025-12-16T06:26:30","date_gmt":"2025-12-16T05:26:30","guid":{"rendered":"https:\/\/www.mariahelander.se\/?p=11808"},"modified":"2025-12-16T06:26:31","modified_gmt":"2025-12-16T05:26:31","slug":"lucka-16-sagan-om-alverna","status":"publish","type":"post","link":"https:\/\/www.mariahelander.se\/?p=11808","title":{"rendered":"Lucka 16 &#8211; Sagan om alverna"},"content":{"rendered":"\n<p>I fornnordisk folktro f\u00f6rekom alver. Du har s\u00e4kert l\u00e4st Sagan om Ringen och ja Tolkien var inspirerad av v\u00e5ra myter n\u00e4r han skapade Legolas. Dock finns det inte mycket i v\u00e5ra skriftk\u00e4llor om alverna. De har tolkats vara l\u00e4nken mellan v\u00e5ra f\u00f6rlevande, gudar och gudinnor. Det finns bevarade ber\u00e4ttelser d\u00e4r alverna har hj\u00e4lpt att hela sjuka om man offrar till dem och vi vet \u00e4ven att man firade Alvablot troligen runt Alla helgons afton. <\/p>\n\n\n\n<p>I denna saga dyker ljusalverna upp f\u00f6r att hj\u00e4lpa en m\u00e4nniskan. S\u00e5 luta dig tillbaka och se vad alverna har att l\u00e4ra oss. <\/p>\n\n\n\n<figure class=\"wp-block-audio\"><audio controls src=\"https:\/\/www.mariahelander.se\/wordpress\/wp-content\/uploads\/ljusalverna.mp3\"><\/audio><\/figure>\n\n\n\n<figure class=\"wp-block-image size-large\"><a href=\"https:\/\/www.mariahelander.se\/wordpress\/wp-content\/uploads\/Kura-Skymning-14.jpg\"><img loading=\"lazy\" decoding=\"async\" width=\"819\" height=\"1024\" src=\"https:\/\/www.mariahelander.se\/wordpress\/wp-content\/uploads\/Kura-Skymning-14-819x1024.jpg\" alt=\"\" class=\"wp-image-11809\" srcset=\"https:\/\/www.mariahelander.se\/wordpress\/wp-content\/uploads\/Kura-Skymning-14-819x1024.jpg 819w, https:\/\/www.mariahelander.se\/wordpress\/wp-content\/uploads\/Kura-Skymning-14-240x300.jpg 240w, https:\/\/www.mariahelander.se\/wordpress\/wp-content\/uploads\/Kura-Skymning-14-768x960.jpg 768w, https:\/\/www.mariahelander.se\/wordpress\/wp-content\/uploads\/Kura-Skymning-14-58x72.jpg 58w, https:\/\/www.mariahelander.se\/wordpress\/wp-content\/uploads\/Kura-Skymning-14.jpg 1080w\" sizes=\"auto, (max-width: 819px) 100vw, 819px\" \/><\/a><\/figure>\n\n<!-- Facebook Like Button v1.9.6 BEGIN [http:\/\/blog.bottomlessinc.com] -->\n<iframe src=\"http:\/\/www.facebook.com\/plugins\/like.php?href=https%3A%2F%2Fwww.mariahelander.se%2F%3Fp%3D11808&amp;layout=standard&amp;show_faces=false&amp;width=450&amp;action=like&amp;colorscheme=light\" scrolling=\"no\" frameborder=\"0\" allowTransparency=\"true\" style=\"border:none; overflow:hidden; width:450px; height: 30px; align: left; margin: 2px 0px 2px 0px\"><\/iframe>\n<!-- Facebook Like Button END -->\n","protected":false},"excerpt":{"rendered":"<p>I fornnordisk folktro f\u00f6rekom alver. Du har s\u00e4kert l\u00e4st Sagan om Ringen och ja Tolkien var inspirerad av v\u00e5ra myter n\u00e4r han skapade Legolas. Dock finns det inte mycket i v\u00e5ra skriftk\u00e4llor om alverna. De har tolkats vara l\u00e4nken mellan v\u00e5ra f\u00f6rlevande, gudar och gudinnor. Det finns bevarade ber\u00e4ttelser d\u00e4r alverna har hj\u00e4lpt att hela [&hellip;]<\/p>\n","protected":false},"author":2,"featured_media":0,"comment_status":"open","ping_status":"open","sticky":false,"template":"","format":"standard","meta":{"_jetpack_memberships_contains_paid_content":false,"footnotes":""},"categories":[184],"tags":[1257,1245,1241,1251,1249],"class_list":["post-11808","post","type-post","status-publish","format-standard","hentry","category-julefrid","tag-elementet-luft","tag-fornnordiska-myter","tag-kura-skymning","tag-myt","tag-saga"],"jetpack_featured_media_url":"","jetpack_sharing_enabled":true,"_links":{"self":[{"href":"https:\/\/www.mariahelander.se\/index.php?rest_route=\/wp\/v2\/posts\/11808","targetHints":{"allow":["GET"]}}],"collection":[{"href":"https:\/\/www.mariahelander.se\/index.php?rest_route=\/wp\/v2\/posts"}],"about":[{"href":"https:\/\/www.mariahelander.se\/index.php?rest_route=\/wp\/v2\/types\/post"}],"author":[{"embeddable":true,"href":"https:\/\/www.mariahelander.se\/index.php?rest_route=\/wp\/v2\/users\/2"}],"replies":[{"embeddable":true,"href":"https:\/\/www.mariahelander.se\/index.php?rest_route=%2Fwp%2Fv2%2Fcomments&post=11808"}],"version-history":[{"count":1,"href":"https:\/\/www.mariahelander.se\/index.php?rest_route=\/wp\/v2\/posts\/11808\/revisions"}],"predecessor-version":[{"id":11810,"href":"https:\/\/www.mariahelander.se\/index.php?rest_route=\/wp\/v2\/posts\/11808\/revisions\/11810"}],"wp:attachment":[{"href":"https:\/\/www.mariahelander.se\/index.php?rest_route=%2Fwp%2Fv2%2Fmedia&parent=11808"}],"wp:term":[{"taxonomy":"category","embeddable":true,"href":"https:\/\/www.mariahelander.se\/index.php?rest_route=%2Fwp%2Fv2%2Fcategories&post=11808"},{"taxonomy":"post_tag","embeddable":true,"href":"https:\/\/www.mariahelander.se\/index.php?rest_route=%2Fwp%2Fv2%2Ftags&post=11808"}],"curies":[{"name":"wp","href":"https:\/\/api.w.org\/{rel}","templated":true}]}}